{"id":1620,"date":"2022-01-01T12:00:55","date_gmt":"2022-01-01T10:00:55","guid":{"rendered":"http:\/\/unizic.com\/?p=1620"},"modified":"2022-12-16T17:24:27","modified_gmt":"2022-12-16T15:24:27","slug":"statut-auto-entrepreneur-exoneration-charges-sociales","status":"publish","type":"post","link":"https:\/\/unizic.com\/fr\/statut-auto-entrepreneur-exoneration-charges-sociales\/","title":{"rendered":"Le statut d\u2019auto-entrepreneur \u2013 Chapitre 6 : l\u2019exon\u00e9ration des charges sociales"},"content":{"rendered":"<h2><strong>L\u2019ACRE : le nom du dispositif permettant cette exon\u00e9ration<\/strong><\/h2>\n<div style=\"text-align: justify;\">\n<p>Le nom complet de ce dispositif est \u00ab Exon\u00e9ration de d\u00e9but d\u2019activit\u00e9 de cr\u00e9ation ou reprise d\u2019entreprise \u00bb, et son acronyme : \u00ab ACRE \u00bb. Pour vous donner un petit historique, il s\u2019agit de l\u2019ancien \u00ab ACCRE \u00bb qui s\u2019adressait uniquement aux demandeurs d\u2019emplois (pour faire court). Aujourd\u2019hui, le principe est d\u2019aider tous les auto-entrepreneurs durant les 3 premi\u00e8res ann\u00e9es d\u2019activit\u00e9s en all\u00e9geant consid\u00e9rablement leurs charges sociales. En effet, ce dispositif vous permet de gagner plus d\u2019argent durant le lancement de votre activit\u00e9. Cela permet ainsi d&rsquo;obtenir un peu plus de confort pour investir dans du mat\u00e9riel, de la communication ou simplement pour compenser un chiffre d\u2019affaire encore timide. C\u2019est une aide pour lancer son activit\u00e9.<\/p>\n<h2><strong>Le d\u00e9tail de l\u2019exon\u00e9ration des charges sociales<\/strong><\/h2>\n<p>La grande vertu de cette exon\u00e9ration est sa simplicit\u00e9. Normalement, le pourcentage de charges sociales d\u2019un professeur de musique auto-entrepreneur est de 22,1%. Pendant les 3 premi\u00e8res ann\u00e9es, ce taux de charges est all\u00e9g\u00e9 gr\u00e2ce \u00e0 l\u2019ACRE. Il est de 5,5% la premi\u00e8re ann\u00e9e, 11% la deuxi\u00e8me ann\u00e9e et 16,5% la troisi\u00e8me ann\u00e9e. Si par exemple, votre chiffre d\u2019affaire est en moyenne de 10 000 \u20ac par an (donc 30 000 \u20ac sur 3 ans), cet avantage vous fera gagner 3 030 \u20ac sur les 3 premi\u00e8res ann\u00e9es \ud83d\ude09 . Et bien entendu, ces taux de cotisations n\u2019auront aucun impact sur votre protection sociale. Vos remboursements maladies, vos indemnit\u00e9s de maternit\u00e9, votre calcul de retraite\u2026 seront identiques \u00e0 ceux d\u2019un auto-entrepreneur cotisant \u00e0 taux plein (22,1%).<\/p>\n<p>&nbsp;<\/p>\n<h2><strong>Que faire pour obtenir cet avantage\u00a0?<\/strong><\/h2>\n<p>Pour obtenir cette exon\u00e9ration, vous devez avoir cr\u00e9\u00e9 votre statut de professeur de musique auto-entrepreneur apr\u00e8s le 1<sup>er<\/sup> janvier 2019. Autrement dit, si vous n\u2019avez pas encore de statut d\u2019auto-entrepreneur, vous \u00eates certain de pouvoir en b\u00e9n\u00e9ficier. Il n\u2019existe aucune autre restriction ! De plus, cette exon\u00e9ration des charges sociales est automatique pour toute cr\u00e9ation d\u2019auto-entreprise. Vous n\u2019avez donc rien \u00e0 faire, son application se fera syst\u00e9matiquement. En r\u00e9alit\u00e9, la seule restriction concerne le montant annuel de votre chiffre d\u2019affaire qui ne doit pas \u00eatre sup\u00e9rieur \u00e0 70 000 \u20ac par an ! Mais l\u00e0, si vous d\u00e9passez ce montant pour votre activit\u00e9 de cours de musique, de toutes fa\u00e7ons vous sortez totalement du statut d\u2019auto-entrepreneur pour devenir une entreprise comme une autre. On vous le souhaite, mais malheureusement mis \u00e0 part pour quelques stars, aucun professeur de musique ind\u00e9pendant n\u2019atteint ce chiffre d\u2019affaire pour son activit\u00e9 d\u2019enseignement.<\/p>\n<\/div>\n<p>&nbsp;<\/p>\n<p><a href=\"http:\/\/unizic.com\/le-statut-dauto-entrepreneur-la-collaboration-avec-unizic-chapitre-7\/\">Acc\u00e9dez au chapitre 7<\/a>\u00a0de notre article consacr\u00e9 au statut d&rsquo;auto-entrepreneur.<\/p>\n<p><strong>Rejoignez d\u00e8s \u00e0 pr\u00e9sent notre plateforme-\u00e9cole <a href=\"https:\/\/www.unizic.com\/fr\/\">Unizic<\/a>.<\/strong><\/p>\n","protected":false},"excerpt":{"rendered":"<p>Depuis le 1er janvier 2019, un nouveau dispositif permet aux auto-entrepreneurs de b\u00e9n\u00e9ficier d\u2019une exon\u00e9ration partielle des charges sociales pendant les 3 premi\u00e8res ann\u00e9es. Cet avantage est r\u00e9el.<\/p>\n","protected":false},"author":2,"featured_media":1616,"comment_status":"closed","ping_status":"open","sticky":false,"template":"","format":"standard","meta":[],"categories":[30],"tags":[],"yoast_head":"<!-- This site is optimized with the Yoast SEO plugin v20.12 - https:\/\/yoast.com\/wordpress\/plugins\/seo\/ -->\n<title>Le statut d\u2019auto-entrepreneur \u2013 L\u2019exon\u00e9ration des charges sociales<\/title>\n<meta name=\"description\" content=\"Depuis 2019, un nouveau dispositif permet aux auto-entrepreneurs de b\u00e9n\u00e9ficier d\u2019une exon\u00e9ration partielle des charges sociales.\" \/>\n<meta name=\"robots\" content=\"index, follow, max-snippet:-1, max-image-preview:large, max-video-preview:-1\" \/>\n<link rel=\"canonical\" href=\"https:\/\/unizic.com\/fr\/statut-auto-entrepreneur-exoneration-charges-sociales\/\" \/>\n<meta property=\"og:locale\" content=\"fr_FR\" \/>\n<meta property=\"og:type\" content=\"article\" \/>\n<meta property=\"og:title\" content=\"Le statut d\u2019auto-entrepreneur \u2013 L\u2019exon\u00e9ration des charges sociales\" \/>\n<meta property=\"og:description\" content=\"Depuis 2019, un nouveau dispositif permet aux auto-entrepreneurs de b\u00e9n\u00e9ficier d\u2019une exon\u00e9ration partielle des charges sociales.\" \/>\n<meta property=\"og:url\" content=\"https:\/\/unizic.com\/fr\/statut-auto-entrepreneur-exoneration-charges-sociales\/\" \/>\n<meta property=\"og:site_name\" content=\"Unizic\" \/>\n<meta property=\"article:publisher\" content=\"https:\/\/www.facebook.com\/unizic\" \/>\n<meta property=\"article:published_time\" content=\"2022-01-01T10:00:55+00:00\" \/>\n<meta property=\"article:modified_time\" content=\"2022-12-16T15:24:27+00:00\" \/>\n<meta property=\"og:image\" content=\"https:\/\/unizic.com\/wp-content\/uploads\/2019\/08\/capture-decran-2019-08-21-a-09.42.47.png\" \/>\n\t<meta property=\"og:image:width\" content=\"1244\" \/>\n\t<meta property=\"og:image:height\" content=\"806\" \/>\n\t<meta property=\"og:image:type\" content=\"image\/png\" \/>\n<meta name=\"author\" content=\"Lucile\" \/>\n<meta name=\"twitter:card\" content=\"summary_large_image\" \/>\n<meta name=\"twitter:label1\" content=\"Written by\" \/>\n\t<meta name=\"twitter:data1\" content=\"Lucile\" \/>\n\t<meta name=\"twitter:label2\" content=\"Est. reading time\" \/>\n\t<meta name=\"twitter:data2\" content=\"2 minutes\" \/>\n<script type=\"application\/ld+json\" class=\"yoast-schema-graph\">{\"@context\":\"https:\/\/schema.org\",\"@graph\":[{\"@type\":\"WebPage\",\"@id\":\"https:\/\/unizic.com\/fr\/statut-auto-entrepreneur-exoneration-charges-sociales\/\",\"url\":\"https:\/\/unizic.com\/fr\/statut-auto-entrepreneur-exoneration-charges-sociales\/\",\"name\":\"Le statut d\u2019auto-entrepreneur \u2013 L\u2019exon\u00e9ration des charges sociales\",\"isPartOf\":{\"@id\":\"https:\/\/unizic.com\/fr\/#website\"},\"datePublished\":\"2022-01-01T10:00:55+00:00\",\"dateModified\":\"2022-12-16T15:24:27+00:00\",\"author\":{\"@id\":\"https:\/\/unizic.com\/fr\/#\/schema\/person\/817043c7a7536ccc012121eb2cfb0636\"},\"description\":\"Depuis 2019, un nouveau dispositif permet aux auto-entrepreneurs de b\u00e9n\u00e9ficier d\u2019une exon\u00e9ration partielle des charges sociales.\",\"breadcrumb\":{\"@id\":\"https:\/\/unizic.com\/fr\/statut-auto-entrepreneur-exoneration-charges-sociales\/#breadcrumb\"},\"inLanguage\":\"fr-FR\",\"potentialAction\":[{\"@type\":\"ReadAction\",\"target\":[\"https:\/\/unizic.com\/fr\/statut-auto-entrepreneur-exoneration-charges-sociales\/\"]}]},{\"@type\":\"BreadcrumbList\",\"@id\":\"https:\/\/unizic.com\/fr\/statut-auto-entrepreneur-exoneration-charges-sociales\/#breadcrumb\",\"itemListElement\":[{\"@type\":\"ListItem\",\"position\":1,\"name\":\"Home\",\"item\":\"https:\/\/unizic.com\/\"},{\"@type\":\"ListItem\",\"position\":2,\"name\":\"Le statut d\u2019auto-entrepreneur \u2013 Chapitre 6 : l\u2019exon\u00e9ration des charges sociales\"}]},{\"@type\":\"WebSite\",\"@id\":\"https:\/\/unizic.com\/fr\/#website\",\"url\":\"https:\/\/unizic.com\/fr\/\",\"name\":\"Unizic\",\"description\":\"La premi\u00e8re communaut\u00e9 de musiciens d\u00e9di\u00e9e \u00e0 l\u2019apprentissage de la musique !\",\"potentialAction\":[{\"@type\":\"SearchAction\",\"target\":{\"@type\":\"EntryPoint\",\"urlTemplate\":\"https:\/\/unizic.com\/fr\/?s={search_term_string}\"},\"query-input\":\"required name=search_term_string\"}],\"inLanguage\":\"fr-FR\"},{\"@type\":\"Person\",\"@id\":\"https:\/\/unizic.com\/fr\/#\/schema\/person\/817043c7a7536ccc012121eb2cfb0636\",\"name\":\"Lucile\",\"image\":{\"@type\":\"ImageObject\",\"inLanguage\":\"fr-FR\",\"@id\":\"https:\/\/unizic.com\/fr\/#\/schema\/person\/image\/\",\"url\":\"https:\/\/secure.gravatar.com\/avatar\/ea88e54dc33a80b20e24a8846bcfa061?s=96&d=mm&r=g\",\"contentUrl\":\"https:\/\/secure.gravatar.com\/avatar\/ea88e54dc33a80b20e24a8846bcfa061?s=96&d=mm&r=g\",\"caption\":\"Lucile\"},\"url\":\"https:\/\/unizic.com\/fr\/author\/lucile\/\"}]}<\/script>\n<!-- \/ Yoast SEO plugin. -->","yoast_head_json":{"title":"Le statut d\u2019auto-entrepreneur \u2013 L\u2019exon\u00e9ration des charges sociales","description":"Depuis 2019, un nouveau dispositif permet aux auto-entrepreneurs de b\u00e9n\u00e9ficier d\u2019une exon\u00e9ration partielle des charges sociales.","robots":{"index":"index","follow":"follow","max-snippet":"max-snippet:-1","max-image-preview":"max-image-preview:large","max-video-preview":"max-video-preview:-1"},"canonical":"https:\/\/unizic.com\/fr\/statut-auto-entrepreneur-exoneration-charges-sociales\/","og_locale":"fr_FR","og_type":"article","og_title":"Le statut d\u2019auto-entrepreneur \u2013 L\u2019exon\u00e9ration des charges sociales","og_description":"Depuis 2019, un nouveau dispositif permet aux auto-entrepreneurs de b\u00e9n\u00e9ficier d\u2019une exon\u00e9ration partielle des charges sociales.","og_url":"https:\/\/unizic.com\/fr\/statut-auto-entrepreneur-exoneration-charges-sociales\/","og_site_name":"Unizic","article_publisher":"https:\/\/www.facebook.com\/unizic","article_published_time":"2022-01-01T10:00:55+00:00","article_modified_time":"2022-12-16T15:24:27+00:00","og_image":[{"width":1244,"height":806,"url":"https:\/\/unizic.com\/wp-content\/uploads\/2019\/08\/capture-decran-2019-08-21-a-09.42.47.png","type":"image\/png"}],"author":"Lucile","twitter_card":"summary_large_image","twitter_misc":{"Written by":"Lucile","Est. reading time":"2 minutes"},"schema":{"@context":"https:\/\/schema.org","@graph":[{"@type":"WebPage","@id":"https:\/\/unizic.com\/fr\/statut-auto-entrepreneur-exoneration-charges-sociales\/","url":"https:\/\/unizic.com\/fr\/statut-auto-entrepreneur-exoneration-charges-sociales\/","name":"Le statut d\u2019auto-entrepreneur \u2013 L\u2019exon\u00e9ration des charges sociales","isPartOf":{"@id":"https:\/\/unizic.com\/fr\/#website"},"datePublished":"2022-01-01T10:00:55+00:00","dateModified":"2022-12-16T15:24:27+00:00","author":{"@id":"https:\/\/unizic.com\/fr\/#\/schema\/person\/817043c7a7536ccc012121eb2cfb0636"},"description":"Depuis 2019, un nouveau dispositif permet aux auto-entrepreneurs de b\u00e9n\u00e9ficier d\u2019une exon\u00e9ration partielle des charges sociales.","breadcrumb":{"@id":"https:\/\/unizic.com\/fr\/statut-auto-entrepreneur-exoneration-charges-sociales\/#breadcrumb"},"inLanguage":"fr-FR","potentialAction":[{"@type":"ReadAction","target":["https:\/\/unizic.com\/fr\/statut-auto-entrepreneur-exoneration-charges-sociales\/"]}]},{"@type":"BreadcrumbList","@id":"https:\/\/unizic.com\/fr\/statut-auto-entrepreneur-exoneration-charges-sociales\/#breadcrumb","itemListElement":[{"@type":"ListItem","position":1,"name":"Home","item":"https:\/\/unizic.com\/"},{"@type":"ListItem","position":2,"name":"Le statut d\u2019auto-entrepreneur \u2013 Chapitre 6 : l\u2019exon\u00e9ration des charges sociales"}]},{"@type":"WebSite","@id":"https:\/\/unizic.com\/fr\/#website","url":"https:\/\/unizic.com\/fr\/","name":"Unizic","description":"La premi\u00e8re communaut\u00e9 de musiciens d\u00e9di\u00e9e \u00e0 l\u2019apprentissage de la musique !","potentialAction":[{"@type":"SearchAction","target":{"@type":"EntryPoint","urlTemplate":"https:\/\/unizic.com\/fr\/?s={search_term_string}"},"query-input":"required name=search_term_string"}],"inLanguage":"fr-FR"},{"@type":"Person","@id":"https:\/\/unizic.com\/fr\/#\/schema\/person\/817043c7a7536ccc012121eb2cfb0636","name":"Lucile","image":{"@type":"ImageObject","inLanguage":"fr-FR","@id":"https:\/\/unizic.com\/fr\/#\/schema\/person\/image\/","url":"https:\/\/secure.gravatar.com\/avatar\/ea88e54dc33a80b20e24a8846bcfa061?s=96&d=mm&r=g","contentUrl":"https:\/\/secure.gravatar.com\/avatar\/ea88e54dc33a80b20e24a8846bcfa061?s=96&d=mm&r=g","caption":"Lucile"},"url":"https:\/\/unizic.com\/fr\/author\/lucile\/"}]}},"_links":{"self":[{"href":"https:\/\/unizic.com\/fr\/wp-json\/wp\/v2\/posts\/1620"}],"collection":[{"href":"https:\/\/unizic.com\/fr\/wp-json\/wp\/v2\/posts"}],"about":[{"href":"https:\/\/unizic.com\/fr\/wp-json\/wp\/v2\/types\/post"}],"author":[{"embeddable":true,"href":"https:\/\/unizic.com\/fr\/wp-json\/wp\/v2\/users\/2"}],"replies":[{"embeddable":true,"href":"https:\/\/unizic.com\/fr\/wp-json\/wp\/v2\/comments?post=1620"}],"version-history":[{"count":4,"href":"https:\/\/unizic.com\/fr\/wp-json\/wp\/v2\/posts\/1620\/revisions"}],"predecessor-version":[{"id":2801,"href":"https:\/\/unizic.com\/fr\/wp-json\/wp\/v2\/posts\/1620\/revisions\/2801"}],"wp:featuredmedia":[{"embeddable":true,"href":"https:\/\/unizic.com\/fr\/wp-json\/wp\/v2\/media\/1616"}],"wp:attachment":[{"href":"https:\/\/unizic.com\/fr\/wp-json\/wp\/v2\/media?parent=1620"}],"wp:term":[{"taxonomy":"category","embeddable":true,"href":"https:\/\/unizic.com\/fr\/wp-json\/wp\/v2\/categories?post=1620"},{"taxonomy":"post_tag","embeddable":true,"href":"https:\/\/unizic.com\/fr\/wp-json\/wp\/v2\/tags?post=1620"}],"curies":[{"name":"wp","href":"https:\/\/api.w.org\/{rel}","templated":true}]}}