{"id":1660,"date":"2020-10-19T17:30:03","date_gmt":"2020-10-19T15:30:03","guid":{"rendered":"http:\/\/unizic.com\/?p=1660"},"modified":"2022-12-19T10:26:58","modified_gmt":"2022-12-19T08:26:58","slug":"musique-langage-universel","status":"publish","type":"post","link":"https:\/\/unizic.com\/fr\/musique-langage-universel\/","title":{"rendered":"La musique : un langage universel"},"content":{"rendered":"<h2>Le voyage musical<\/h2>\n<div style=\"text-align: justify;\">\n<p>Qui d\u2019entre nous n\u2019a jamais r\u00eav\u00e9 d\u2019aventures, de voyages \u00e0 la d\u00e9couverte des pays et de leurs habitants, de leurs cultures et de leurs traditions ! Quand j\u2019\u00e9tais enfant, j\u2019\u00e9coutais la musique des Andes. Je r\u00eavais au son de la qu\u00e9na de Los Calchakis et de Los Incas. Sur l\u2019air de <em>El Condor Pasa<\/em>, je m\u2019envolais au-dessus des hauts plateaux andins peupl\u00e9s de lamas, de femmes, d\u2019hommes et d\u2019enfants en tenues de f\u00eates et de c\u00e9r\u00e9monies incroyablement color\u00e9es. Bien des ann\u00e9es apr\u00e8s, lorsque j\u2019ai eu la chance de traverser le d\u00e9sert de l\u2019Atacama. Je suis mont\u00e9e dans l\u2019Altiplano \u00e0 quelques 3.300 m\u00e8tres d\u2019altitude. Je me suis rendu compte que mon imaginaire d\u2019enfant m\u2019avait conduit au plus pr\u00e8s de la r\u00e9alit\u00e9 qui se d\u00e9voilait \u00e0 mes yeux.<\/p>\n<h3>Des r\u00eaves r\u00e9alis\u00e9s ?<\/h3>\n<p>Mes r\u00eaves d\u2019enfant n\u2019\u00e9taient pas bris\u00e9s, ils prenaient juste une dimension tellement humaine dans les rencontres que je fis alors ! J\u2019ai eu des exp\u00e9riences similaires sur la musique du film <em>D\u00e9livrance<\/em> de John Boorman et <em>Dueling Banjos. <\/em>J&rsquo;en ai eu aussi sur l\u2019album de Steve Waring et Roger Mason, <em>La Guitare Am\u00e9ricaine<\/em>. J\u2019ai s\u00e9journ\u00e9 longuement et \u00e0 plusieurs reprises dans le parc national de Shenandoah walley, dans l\u2019ouest de la Virginie. L\u00e0, la rencontre avec la majest\u00e9, l\u2019incroyable beaut\u00e9 des paysages, notamment au printemps et \u00e0 l\u2019automne, d\u00e9voilent en quoi et \u00e0 quel point un environnement et une culture peuvent encourager et donner leur originalit\u00e9 \u00e0 la cr\u00e9ation musicale.<\/p>\n<p>L\u00e0 encore, mon voyage musical m\u2019avait d\u00e9voil\u00e9, bien que subjectivement, ce que je d\u00e9couvrirais bien des ann\u00e9es apr\u00e8s. Avez-vous eu le bonheur de voir le magnifique reportage de la cha\u00eene de t\u00e9l\u00e9vision Arte, <em>L\u2019Andalousie brillante de Paco de Lucia ?<\/em> Vous y entendrez \u00e0 quel point le d\u00e9troit de Gibraltar a pu inspirer la cr\u00e9ation des artistes locaux. C\u2019est ce lieu si particulier entre l\u2019Espagne et le Maroc qui a inspir\u00e9 la musique mondialement connue de Paco de Lucia, <em>Entre Dos Aguas<\/em>.<\/p>\n<h2>Le constat<\/h2>\n<p>Nous naissons tous musiciens, au m\u00eame titre que le langage parl\u00e9 (courant\/usuel), la musique et son langage se retrouvent de tout temps, dans toutes les soci\u00e9t\u00e9s humaines. Tous les humains naissent musiciens. A la naissance notre cerveau est capable d\u2019absorber toutes les musiques du monde. Les r\u00e8gles de l\u2019harmonie et de la m\u00e9trique sont int\u00e9gr\u00e9es inconsciemment. La connaissance de la musique est partag\u00e9e par tous \u00ab Pour nombre d\u2019entre nous elle reste une comp\u00e9tence acquise, non travaill\u00e9e, intuitive qui s\u2019acqui\u00e8re naturellement \u00e0 son exposition \u00bb. (Isabelle Peretz \u2013 livre : <em>Apprendre la musique \u2013 nouvelles des neurosciences<\/em> \u2013 \u00e9ditions Odile Jacob).<\/p>\n<p>La musique procure un plaisir qui n\u2019a pas d\u2019\u00e9gal ! Elle procure du bien-\u00eatre ! Elle ne se laisse imposer aucune fronti\u00e8re. Comme je l\u2019\u00e9crivais dans mon pr\u00e9c\u00e9dent article : la musique est une compagne pleine de surprise. Elle n&rsquo;est jamais en peine de vous accompagner dans tous les moments et tous les \u00e2ges de la vie. C\u2019est une voyageuse infatigable qui vous entra\u00eenera vers toutes les destinations, au-del\u00e0 de tout ce que vous auriez pu imaginer.<\/p>\n<h2>Le projet Unizic<\/h2>\n<p>C\u2019est ce que nous voulons r\u00e9aliser. C\u2019est aussi la motivation du projet Unizic : proposer aux \u00e9l\u00e8ves qui prendront des cours au travers de la plateforme Unizic, un apprentissage, une pratique musicale qui les fasse voyager en fonction de leurs go\u00fbts, de leurs envies et de leur curiosit\u00e9. Ce magnifique voyage est aujourd\u2019hui possible gr\u00e2ce \u00e0 une communaut\u00e9 de professeurs. Des professeurs qui sont issus de tous les pays, de toutes les cultures, de toutes les inspiration. Ils sont pr\u00eats \u00e0 partager leur talent de musiciens et de p\u00e9dagogues avec leurs \u00e9l\u00e8ves.<\/p>\n<p>Il y a de prestigieux labels en \u00ab musiques du monde \u00bb. Nous allons faire avec tous, \u00e9l\u00e8ves et professeurs, la plateforme, la communaut\u00e9 des \u00ab professeurs et \u00e9l\u00e8ves du monde \u00bb. Un r\u00eave, une r\u00e9alit\u00e9 ! Aujourd\u2019hui, gr\u00e2ce aux cours en visioconf\u00e9rence, il n\u2019y a plus de fronti\u00e8res pour l\u2019apprentissage des instruments et des musiques du monde quel que soit l\u2019endroit o\u00f9 nous nous trouvions !<\/p>\n<\/div>\n<p>&nbsp;<\/p>\n<p><strong>N&rsquo;attendez plus et <a href=\"https:\/\/www.unizic.com\/fr\/\">rejoignez la communaut\u00e9 Unizic<\/a>.<\/strong><\/p>\n<p>Retrouvez l&rsquo;ensemble de nos articles sur notre <a href=\"http:\/\/unizic.com\/\">blog<\/a>.<\/p>\n","protected":false},"excerpt":{"rendered":"<p>La musique est une aptitude commune que nous partageons tous. Le langage de la musique est universel, accessible \u00e0 toutes et \u00e0 tous. L\u2019expression et la cr\u00e9ation musicale ne connaissent pas de fronti\u00e8res, elles se teintent de toutes les cultures du monde au travers de rencontres parfois improbables. <\/p>\n","protected":false},"author":9,"featured_media":1665,"comment_status":"closed","ping_status":"open","sticky":false,"template":"","format":"standard","meta":[],"categories":[30],"tags":[37,35,39],"yoast_head":"<!-- This site is optimized with the Yoast SEO plugin v20.12 - https:\/\/yoast.com\/wordpress\/plugins\/seo\/ -->\n<title>La musique : un langage universel - Unizic<\/title>\n<meta name=\"description\" content=\"Le langage de la musique est universel, accessible \u00e0 toutes et \u00e0 tous. L\u2019expression et la cr\u00e9ation musicale ne connaissent pas de fronti\u00e8res.\" \/>\n<meta name=\"robots\" content=\"index, follow, max-snippet:-1, max-image-preview:large, max-video-preview:-1\" \/>\n<link rel=\"canonical\" href=\"https:\/\/unizic.com\/fr\/musique-langage-universel\/\" \/>\n<meta property=\"og:locale\" content=\"fr_FR\" \/>\n<meta property=\"og:type\" content=\"article\" \/>\n<meta property=\"og:title\" content=\"La musique : un langage universel - Unizic\" \/>\n<meta property=\"og:description\" content=\"Le langage de la musique est universel, accessible \u00e0 toutes et \u00e0 tous. L\u2019expression et la cr\u00e9ation musicale ne connaissent pas de fronti\u00e8res.\" \/>\n<meta property=\"og:url\" content=\"https:\/\/unizic.com\/fr\/musique-langage-universel\/\" \/>\n<meta property=\"og:site_name\" content=\"Unizic\" \/>\n<meta property=\"article:publisher\" content=\"https:\/\/www.facebook.com\/unizic\" \/>\n<meta property=\"article:published_time\" content=\"2020-10-19T15:30:03+00:00\" \/>\n<meta property=\"article:modified_time\" content=\"2022-12-19T08:26:58+00:00\" \/>\n<meta property=\"og:image\" content=\"https:\/\/unizic.com\/wp-content\/uploads\/2020\/11\/musique_langage_universel2.jpg\" \/>\n\t<meta property=\"og:image:width\" content=\"1090\" \/>\n\t<meta property=\"og:image:height\" content=\"360\" \/>\n\t<meta property=\"og:image:type\" content=\"image\/jpeg\" \/>\n<meta name=\"author\" content=\"Dominique Colas\" \/>\n<meta name=\"twitter:card\" content=\"summary_large_image\" \/>\n<meta name=\"twitter:label1\" content=\"Written by\" \/>\n\t<meta name=\"twitter:data1\" content=\"Dominique Colas\" \/>\n\t<meta name=\"twitter:label2\" content=\"Est. reading time\" \/>\n\t<meta name=\"twitter:data2\" content=\"3 minutes\" \/>\n<script type=\"application\/ld+json\" class=\"yoast-schema-graph\">{\"@context\":\"https:\/\/schema.org\",\"@graph\":[{\"@type\":\"WebPage\",\"@id\":\"https:\/\/unizic.com\/musique-langage-universel\/\",\"url\":\"https:\/\/unizic.com\/musique-langage-universel\/\",\"name\":\"La musique : un langage universel - Unizic\",\"isPartOf\":{\"@id\":\"https:\/\/unizic.com\/fr\/#website\"},\"datePublished\":\"2020-10-19T15:30:03+00:00\",\"dateModified\":\"2022-12-19T08:26:58+00:00\",\"author\":{\"@id\":\"https:\/\/unizic.com\/fr\/#\/schema\/person\/0b240d4d46c87a28672397515315b27c\"},\"description\":\"Le langage de la musique est universel, accessible \u00e0 toutes et \u00e0 tous. L\u2019expression et la cr\u00e9ation musicale ne connaissent pas de fronti\u00e8res.\",\"breadcrumb\":{\"@id\":\"https:\/\/unizic.com\/musique-langage-universel\/#breadcrumb\"},\"inLanguage\":\"fr-FR\",\"potentialAction\":[{\"@type\":\"ReadAction\",\"target\":[\"https:\/\/unizic.com\/musique-langage-universel\/\"]}]},{\"@type\":\"BreadcrumbList\",\"@id\":\"https:\/\/unizic.com\/musique-langage-universel\/#breadcrumb\",\"itemListElement\":[{\"@type\":\"ListItem\",\"position\":1,\"name\":\"Home\",\"item\":\"https:\/\/unizic.com\/\"},{\"@type\":\"ListItem\",\"position\":2,\"name\":\"La musique : un langage universel\"}]},{\"@type\":\"WebSite\",\"@id\":\"https:\/\/unizic.com\/fr\/#website\",\"url\":\"https:\/\/unizic.com\/fr\/\",\"name\":\"Unizic\",\"description\":\"La premi\u00e8re communaut\u00e9 de musiciens d\u00e9di\u00e9e \u00e0 l\u2019apprentissage de la musique !\",\"potentialAction\":[{\"@type\":\"SearchAction\",\"target\":{\"@type\":\"EntryPoint\",\"urlTemplate\":\"https:\/\/unizic.com\/fr\/?s={search_term_string}\"},\"query-input\":\"required name=search_term_string\"}],\"inLanguage\":\"fr-FR\"},{\"@type\":\"Person\",\"@id\":\"https:\/\/unizic.com\/fr\/#\/schema\/person\/0b240d4d46c87a28672397515315b27c\",\"name\":\"Dominique Colas\",\"image\":{\"@type\":\"ImageObject\",\"inLanguage\":\"fr-FR\",\"@id\":\"https:\/\/unizic.com\/fr\/#\/schema\/person\/image\/\",\"url\":\"https:\/\/secure.gravatar.com\/avatar\/f5c3f92693bd86c1ba3a60765d1d5613?s=96&d=mm&r=g\",\"contentUrl\":\"https:\/\/secure.gravatar.com\/avatar\/f5c3f92693bd86c1ba3a60765d1d5613?s=96&d=mm&r=g\",\"caption\":\"Dominique Colas\"},\"url\":\"https:\/\/unizic.com\/fr\/author\/dcolasunizic-com\/\"}]}<\/script>\n<!-- \/ Yoast SEO plugin. -->","yoast_head_json":{"title":"La musique : un langage universel - Unizic","description":"Le langage de la musique est universel, accessible \u00e0 toutes et \u00e0 tous. L\u2019expression et la cr\u00e9ation musicale ne connaissent pas de fronti\u00e8res.","robots":{"index":"index","follow":"follow","max-snippet":"max-snippet:-1","max-image-preview":"max-image-preview:large","max-video-preview":"max-video-preview:-1"},"canonical":"https:\/\/unizic.com\/fr\/musique-langage-universel\/","og_locale":"fr_FR","og_type":"article","og_title":"La musique : un langage universel - Unizic","og_description":"Le langage de la musique est universel, accessible \u00e0 toutes et \u00e0 tous. L\u2019expression et la cr\u00e9ation musicale ne connaissent pas de fronti\u00e8res.","og_url":"https:\/\/unizic.com\/fr\/musique-langage-universel\/","og_site_name":"Unizic","article_publisher":"https:\/\/www.facebook.com\/unizic","article_published_time":"2020-10-19T15:30:03+00:00","article_modified_time":"2022-12-19T08:26:58+00:00","og_image":[{"width":1090,"height":360,"url":"https:\/\/unizic.com\/wp-content\/uploads\/2020\/11\/musique_langage_universel2.jpg","type":"image\/jpeg"}],"author":"Dominique Colas","twitter_card":"summary_large_image","twitter_misc":{"Written by":"Dominique Colas","Est. reading time":"3 minutes"},"schema":{"@context":"https:\/\/schema.org","@graph":[{"@type":"WebPage","@id":"https:\/\/unizic.com\/musique-langage-universel\/","url":"https:\/\/unizic.com\/musique-langage-universel\/","name":"La musique : un langage universel - Unizic","isPartOf":{"@id":"https:\/\/unizic.com\/fr\/#website"},"datePublished":"2020-10-19T15:30:03+00:00","dateModified":"2022-12-19T08:26:58+00:00","author":{"@id":"https:\/\/unizic.com\/fr\/#\/schema\/person\/0b240d4d46c87a28672397515315b27c"},"description":"Le langage de la musique est universel, accessible \u00e0 toutes et \u00e0 tous. L\u2019expression et la cr\u00e9ation musicale ne connaissent pas de fronti\u00e8res.","breadcrumb":{"@id":"https:\/\/unizic.com\/musique-langage-universel\/#breadcrumb"},"inLanguage":"fr-FR","potentialAction":[{"@type":"ReadAction","target":["https:\/\/unizic.com\/musique-langage-universel\/"]}]},{"@type":"BreadcrumbList","@id":"https:\/\/unizic.com\/musique-langage-universel\/#breadcrumb","itemListElement":[{"@type":"ListItem","position":1,"name":"Home","item":"https:\/\/unizic.com\/"},{"@type":"ListItem","position":2,"name":"La musique : un langage universel"}]},{"@type":"WebSite","@id":"https:\/\/unizic.com\/fr\/#website","url":"https:\/\/unizic.com\/fr\/","name":"Unizic","description":"La premi\u00e8re communaut\u00e9 de musiciens d\u00e9di\u00e9e \u00e0 l\u2019apprentissage de la musique !","potentialAction":[{"@type":"SearchAction","target":{"@type":"EntryPoint","urlTemplate":"https:\/\/unizic.com\/fr\/?s={search_term_string}"},"query-input":"required name=search_term_string"}],"inLanguage":"fr-FR"},{"@type":"Person","@id":"https:\/\/unizic.com\/fr\/#\/schema\/person\/0b240d4d46c87a28672397515315b27c","name":"Dominique Colas","image":{"@type":"ImageObject","inLanguage":"fr-FR","@id":"https:\/\/unizic.com\/fr\/#\/schema\/person\/image\/","url":"https:\/\/secure.gravatar.com\/avatar\/f5c3f92693bd86c1ba3a60765d1d5613?s=96&d=mm&r=g","contentUrl":"https:\/\/secure.gravatar.com\/avatar\/f5c3f92693bd86c1ba3a60765d1d5613?s=96&d=mm&r=g","caption":"Dominique Colas"},"url":"https:\/\/unizic.com\/fr\/author\/dcolasunizic-com\/"}]}},"_links":{"self":[{"href":"https:\/\/unizic.com\/fr\/wp-json\/wp\/v2\/posts\/1660"}],"collection":[{"href":"https:\/\/unizic.com\/fr\/wp-json\/wp\/v2\/posts"}],"about":[{"href":"https:\/\/unizic.com\/fr\/wp-json\/wp\/v2\/types\/post"}],"author":[{"embeddable":true,"href":"https:\/\/unizic.com\/fr\/wp-json\/wp\/v2\/users\/9"}],"replies":[{"embeddable":true,"href":"https:\/\/unizic.com\/fr\/wp-json\/wp\/v2\/comments?post=1660"}],"version-history":[{"count":4,"href":"https:\/\/unizic.com\/fr\/wp-json\/wp\/v2\/posts\/1660\/revisions"}],"predecessor-version":[{"id":2814,"href":"https:\/\/unizic.com\/fr\/wp-json\/wp\/v2\/posts\/1660\/revisions\/2814"}],"wp:featuredmedia":[{"embeddable":true,"href":"https:\/\/unizic.com\/fr\/wp-json\/wp\/v2\/media\/1665"}],"wp:attachment":[{"href":"https:\/\/unizic.com\/fr\/wp-json\/wp\/v2\/media?parent=1660"}],"wp:term":[{"taxonomy":"category","embeddable":true,"href":"https:\/\/unizic.com\/fr\/wp-json\/wp\/v2\/categories?post=1660"},{"taxonomy":"post_tag","embeddable":true,"href":"https:\/\/unizic.com\/fr\/wp-json\/wp\/v2\/tags?post=1660"}],"curies":[{"name":"wp","href":"https:\/\/api.w.org\/{rel}","templated":true}]}}