{"id":4353,"date":"2023-06-05T20:29:41","date_gmt":"2023-06-05T18:29:41","guid":{"rendered":"https:\/\/blog.unizic.com\/?p=3035"},"modified":"2023-06-05T20:29:41","modified_gmt":"2023-06-05T18:29:41","slug":"top-10-des-festivals-incontournable-de-lete-2023","status":"publish","type":"post","link":"https:\/\/unizic.com\/fr\/top-10-des-festivals-incontournable-de-lete-2023\/","title":{"rendered":"TOP 10 des festivals incontournable de l&rsquo;\u00e9t\u00e9 2023"},"content":{"rendered":"<h1>Un \u00e9t\u00e9 de f\u00eates musicales qui vont te faire swinguer ! <span style=\"color: #ffffff;\">festivals<\/span><\/h1>\n<p><span style=\"font-weight: 400;\">La France est le pays de la gastronomie, du vin et&#8230; des festivals de musique incroyables ! Si tu cherches \u00e0 secouer ton \u00e9t\u00e9 en dansant, en chantant et en te laissant emporter par des m\u00e9lodies endiabl\u00e9es, ne cherche plus ! Voici notre s\u00e9lection des 10 festivals les plus d\u00e9jant\u00e9s de l&rsquo;hexagone. <span style=\"color: #ffffff;\">festivals<\/span><\/span><\/p>\n<h3>Solidays &#8211; Solidarit\u00e9 et f\u00eate : le combo parfait !<\/h3>\n<pre><em>23-25 juin \u00e0 Paris (Ile-de-France)<\/em><\/pre>\n<p>&nbsp;<\/p>\n<p><span style=\"font-weight: 400;\"><a href=\"https:\/\/www.solidays.org\/\">Solidays<\/a> est le festival qui allie la bonne musique et la solidarit\u00e9. Imagine-toi en train de danser fr\u00e9n\u00e9tiquement tout en soutenant la lutte contre le sida. C&rsquo;est comme manger une part de g\u00e2teau tout en faisant du sport, une combinaison gagnante ! Pr\u00e9pare-toi \u00e0 des concerts qui vont te faire vibrer et \u00e0 des moments de g\u00e9n\u00e9rosit\u00e9 qui r\u00e9chauffent le c\u0153ur.<\/span><\/p>\n<p>&nbsp;<\/p>\n<p><iframe loading=\"lazy\" title=\"Aftermovie Solidays 2022\" width=\"500\" height=\"281\" src=\"https:\/\/www.youtube.com\/embed\/IQaEtgTfYaE?feature=oembed\" frameborder=\"0\" allow=\"accelerometer; autoplay; clipboard-write; encrypted-media; gyroscope; picture-in-picture; web-share\" allowfullscreen><\/iframe><\/p>\n<h3><\/h3>\n<h3><b>Lollapalooza &#8211; L&rsquo;explosion musicale version fran\u00e7aise !<\/b><\/h3>\n<pre><em>21-23 Juillet \u00e0 Paris (Ile-de-France)<\/em><\/pre>\n<p>&nbsp;<\/p>\n<p><span style=\"font-weight: 400;\"><a href=\"https:\/\/www.lollaparis.com\/\">Lollapalooza<\/a> d\u00e9barque en France et \u00e7a va faire trembler les enceintes ! Ce festival international a r\u00e9ussi \u00e0 r\u00e9unir les plus grands noms de la musique dans un seul endroit. Pr\u00e9pare-toi \u00e0 \u00eatre submerg\u00e9 par des performances \u00e9poustouflantes, des feux d&rsquo;artifice et une foule en d\u00e9lire. Ce sera tellement g\u00e9nial que tu ne pourras pas t&#8217;emp\u00eacher de raconter \u00e0 tout le monde que tu y \u00e9tais, m\u00eame \u00e0 tes voisins du dessous.<\/span><\/p>\n<p>&nbsp;<\/p>\n<p><iframe loading=\"lazy\" title=\"Aftermovie Lolla Paris 2022\" width=\"500\" height=\"281\" src=\"https:\/\/www.youtube.com\/embed\/usPRcDxYs50?feature=oembed\" frameborder=\"0\" allow=\"accelerometer; autoplay; clipboard-write; encrypted-media; gyroscope; picture-in-picture; web-share\" allowfullscreen><\/iframe><\/p>\n<h3>Francofolies &#8211; La f\u00eate des chanteurs fran\u00e7ais et de leurs fans d\u00e9cha\u00een\u00e9s !<\/h3>\n<pre><em>12-16 juillet \u00e0 la Rochelle (Charente-Maritime)<\/em>\n\n\n<\/pre>\n<p><span style=\"font-weight: 400;\">Aux <a href=\"https:\/\/www.francofolies.fr\/\">Francofolies<\/a>, la langue de Moli\u00e8re est \u00e0 l&rsquo;honneur ! Pr\u00e9pare-toi \u00e0 te d\u00e9hancher sur des rythmes entra\u00eenants et \u00e0 chanter \u00e0 tue-t\u00eate avec des milliers de fans en d\u00e9lire. C&rsquo;est comme une gigantesque karaok\u00e9 o\u00f9 tout le monde est invit\u00e9 \u00e0 donner de la voix. Tu pourrais m\u00eame d\u00e9couvrir ton talent cach\u00e9 pour imiter les plus grandes stars fran\u00e7aises.<\/span><\/p>\n<p>&nbsp;<\/p>\n<p><iframe loading=\"lazy\" title=\"Francofolies 2023  : D\u00e9couvrez les premiers noms !\" width=\"500\" height=\"281\" src=\"https:\/\/www.youtube.com\/embed\/uz0jZBFGmoM?feature=oembed\" frameborder=\"0\" allow=\"accelerometer; autoplay; clipboard-write; encrypted-media; gyroscope; picture-in-picture; web-share\" allowfullscreen><\/iframe><\/p>\n<h3>Rock en Seine &#8211; Quand la banlieue parisienne se transforme en temple du rock !<\/h3>\n<pre><em>25-27 ao\u00fbt \u00e0 St Cloud (Ile-de-France)<\/em>\n\n\n\n<\/pre>\n<p><span style=\"font-weight: 400;\"><a href=\"https:\/\/www.rockenseine.com\/\">Rock en Seine<\/a> est le festival o\u00f9 tu pourras montrer tes meilleurs mouvements de headbanging. Dans un d\u00e9cor idyllique \u00e0 quelques pas de Paris, tu pourras te d\u00e9cha\u00eener sur les riffs de guitare les plus puissants. C&rsquo;est l&rsquo;occasion de montrer au monde entier que tu peux rivaliser avec les rockstars, m\u00eame si tu n&rsquo;as jamais touch\u00e9 \u00e0 une guitare de ta vie.<\/span><\/p>\n<p>&nbsp;<\/p>\n<p><iframe loading=\"lazy\" title=\"? ROCK EN SEINE 2023 ?\" width=\"500\" height=\"281\" src=\"https:\/\/www.youtube.com\/embed\/JtjmoWFdKcw?feature=oembed\" frameborder=\"0\" allow=\"accelerometer; autoplay; clipboard-write; encrypted-media; gyroscope; picture-in-picture; web-share\" allowfullscreen><\/iframe><\/p>\n<h3><\/h3>\n<h3><b>Festival de N\u00eemes &#8211; Une symphonie au pays des gladiateurs !<\/b><\/h3>\n<pre><em>15-23 juillet aux ar\u00e8nes de N\u00eemes (Occitanie)<\/em>\n\n\n<\/pre>\n<p><span style=\"font-weight: 400;\">Quoi de mieux que d&rsquo;\u00e9couter de la musique dans un amphith\u00e9\u00e2tre romain vieux de plusieurs si\u00e8cles ? Au <a href=\"https:\/\/www.festivaldenimes.com\/\">Festival de N\u00eemes<\/a>, tu pourras te laisser envo\u00fbter par des concerts grandioses et te sentir comme un vrai empereur romain en pleine orgie musicale. Pr\u00e9pare-toi \u00e0 \u00eatre transport\u00e9 dans le temps tout en secouant ton toga.<\/span><\/p>\n<p>&nbsp;<\/p>\n<p><iframe loading=\"lazy\" title=\"Aftermovie Festival de N\u00eemes 2022\" width=\"500\" height=\"281\" src=\"https:\/\/www.youtube.com\/embed\/r1q24XUxXtU?start=8&#038;feature=oembed\" frameborder=\"0\" allow=\"accelerometer; autoplay; clipboard-write; encrypted-media; gyroscope; picture-in-picture; web-share\" allowfullscreen><\/iframe><\/p>\n<h3><b>Hellfest &#8211; L&rsquo;enfer du bon son !<\/b><\/h3>\n<pre><em>15-18 juin \u00e0 Clisson (Loire-Atlantique)\n<\/em>\n\n<\/pre>\n<p><span style=\"font-weight: 400;\">Le <a href=\"https:\/\/www.hellfest.fr\/\">Hellfest<\/a> est le paradis des amateurs de musique extr\u00eame. Avec des groupes de m\u00e9tal qui secouent les tympans, tu pourras te plonger dans un monde o\u00f9 les guitares hurlent et les batteurs d\u00e9cha\u00eenent leurs foudres rythmiques. Pr\u00e9pare-toi \u00e0 une exp\u00e9rience intense o\u00f9 tu pourras crier tes \u00e9motions dans un mosh pit qui ressemble \u00e0 une bataille de gladiateurs, mais avec plus de cheveux longs et de tatouages.<\/span><\/p>\n<p>&nbsp;<\/p>\n<p><iframe loading=\"lazy\" title=\"Hellfest 2022 - Official Aftermovie\" width=\"500\" height=\"281\" src=\"https:\/\/www.youtube.com\/embed\/akpXYUG5aIk?feature=oembed\" frameborder=\"0\" allow=\"accelerometer; autoplay; clipboard-write; encrypted-media; gyroscope; picture-in-picture; web-share\" allowfullscreen><\/iframe><\/p>\n<h3><\/h3>\n<h3><b>Les Vieilles Charrues &#8211; La f\u00eate des cheveux gris et des \u00e2mes jeunes !<\/b><\/h3>\n<pre><em>13-17 juillet Carhaix-Plouguer (Finist\u00e8re)\n<\/em>\n\n<\/pre>\n<p><span style=\"font-weight: 400;\"><a href=\"https:\/\/www.vieillescharrues.asso.fr\/\">Les Vieilles Charrues<\/a>, c&rsquo;est l&rsquo;endroit o\u00f9 la jeunesse et l&rsquo;exp\u00e9rience se rencontrent. Ce festival est r\u00e9put\u00e9 pour attirer les artistes les plus branch\u00e9s et les fans les plus d\u00e9jant\u00e9s. <\/span><span style=\"font-weight: 400;\">Pr\u00e9pare-toi \u00e0 te fondre dans une mer de festivaliers color\u00e9s, \u00e0 te perdre dans les m\u00e9andres de la musique et \u00e0 danser jusqu&rsquo;\u00e0 ce que tes articulations te fassent regretter de ne pas avoir fait assez d&rsquo;\u00e9chauffements.<\/span><\/p>\n<p>&nbsp;<\/p>\n<p><iframe loading=\"lazy\" title=\"Vieilles Charrues 2023 : d\u00e9couvrez les principales t\u00eates d&#039;affiche\" width=\"500\" height=\"281\" src=\"https:\/\/www.youtube.com\/embed\/GGF6-ksM9Zc?feature=oembed\" frameborder=\"0\" allow=\"accelerometer; autoplay; clipboard-write; encrypted-media; gyroscope; picture-in-picture; web-share\" allowfullscreen><\/iframe><\/p>\n<p>&nbsp;<\/p>\n<h3><b>Eurock\u00e9ennes de Belfort &#8211; Quand la musique te fait bouger les fesses !<\/b><\/h3>\n<pre>29 juin au 2 juillet \u00e0 la Presqu'\u00eele de Malsaucy (Franche-comt\u00e9)\n\n\n<\/pre>\n<p><span style=\"font-weight: 400;\"><a href=\"https:\/\/www.eurockeennes.fr\/equipe-contact\/\">Les Eurock\u00e9ennes de Belfort<\/a>, c&rsquo;est l&rsquo;occasion de faire le plein de bonne musique tout en te baignant dans un magnifique lac. Imagine-toi en train de sauter et de danser sur des rythmes entra\u00eenants, puis de te jeter \u00e0 l&rsquo;eau pour te rafra\u00eechir. C&rsquo;est comme si tu \u00e9tais en train de vivre une version musicale d&rsquo;un \u00e9pisode de \u00ab\u00a0Fort Boyard\u00a0\u00bb, mais sans les \u00e9preuves et avec beaucoup plus de fun.<\/span><\/p>\n<p>&nbsp;<\/p>\n<p><iframe loading=\"lazy\" title=\"[EUROCKS 2022] Moments inoubliables - Part #2\" width=\"500\" height=\"281\" src=\"https:\/\/www.youtube.com\/embed\/VOD1ToSfPzo?start=6&#038;feature=oembed\" frameborder=\"0\" allow=\"accelerometer; autoplay; clipboard-write; encrypted-media; gyroscope; picture-in-picture; web-share\" allowfullscreen><\/iframe><\/p>\n<h3><\/h3>\n<h3>Main Square Festival &#8211; La musique \u00e0 la puissance carr\u00e9e !<\/h3>\n<pre><em>30 juin - 2 juillet \u00e0 la citadelle d'Arras (Pas-de-Calais)<\/em>\n\n\n<\/pre>\n<p><span style=\"font-weight: 400;\">Le <a href=\"https:\/\/www.mainsquarefestival.fr\/\">Main Square Festival<\/a> est l&rsquo;endroit o\u00f9 les t\u00eates d&rsquo;affiche se bousculent pour te faire vibrer. C&rsquo;est comme une bataille entre les plus grandes stars de la musique, mais sans \u00e9p\u00e9es ni armures. Pr\u00e9pare-toi \u00e0 te retrouver entour\u00e9 de fans hyst\u00e9riques, \u00e0 crier ton amour pour tes artistes pr\u00e9f\u00e9r\u00e9s et \u00e0 danser comme si personne ne te regardait (m\u00eame si tout le monde te regarde). <span style=\"color: #ffffff;\">festivals<\/span><\/span><\/p>\n<p>&nbsp;<\/p>\n<p><iframe loading=\"lazy\" title=\"Main Square 2022 : MERCI !\" width=\"500\" height=\"281\" src=\"https:\/\/www.youtube.com\/embed\/0_wU0pYZG0M?feature=oembed\" frameborder=\"0\" allow=\"accelerometer; autoplay; clipboard-write; encrypted-media; gyroscope; picture-in-picture; web-share\" allowfullscreen><\/iframe><\/p>\n<h3><\/h3>\n<h3><b>Art Rock &#8211; Quand l&rsquo;art et la musique fusionnent en un spectacle \u00e9poustouflant !<\/b><\/h3>\n<pre><em>26-28 mai \u00e0 St brieuc (C\u00f4tes d'Armor)\n\n\n<\/em><\/pre>\n<p><span style=\"font-weight: 400;\"><a href=\"https:\/\/www.artrock.org\/\">Art Rock,<\/a> c&rsquo;est le festival qui va te faire repenser tout ce que tu savais sur la musique. Imagine-toi en train d&rsquo;assister \u00e0 des performances surr\u00e9alistes, \u00e0 des installations artistiques d\u00e9lirantes et \u00e0 des concerts qui repoussent les limites de l&rsquo;imagination. C&rsquo;est comme si tu entrais dans un tableau de Salvador Dal\u00ed o\u00f9 les notes de musique prennent vie et te transportent dans un autre univers.<\/span><\/p>\n<p>&nbsp;<\/p>\n<p><iframe loading=\"lazy\" title=\"ART ROCK 2023 - AFTERMOVIE VENDREDI 26 MAI\" width=\"500\" height=\"281\" src=\"https:\/\/www.youtube.com\/embed\/Jm5ZftgYkkI?feature=oembed\" frameborder=\"0\" allow=\"accelerometer; autoplay; clipboard-write; encrypted-media; gyroscope; picture-in-picture; web-share\" allowfullscreen><\/iframe><\/p>\n<p>&nbsp;<\/p>\n<p><span style=\"font-weight: 400;\">Voil\u00e0, tu as maintenant la cr\u00e8me de la cr\u00e8me des festivals de musique en France. Que tu sois fan de rock, de pop, ou de m\u00e9tal, il y en a pour tous les go\u00fbts.\u00a0<\/span><\/p>\n<p><span style=\"font-weight: 400;\">Pr\u00e9pare-toi \u00e0 vivre un \u00e9t\u00e9 de folie, \u00e0 danser jusqu&rsquo;au bout de la nuit et \u00e0 cr\u00e9er des souvenirs m\u00e9morables avec tes amis. Mais surtout, n&rsquo;oublie pas de prendre ton maillot de bain, tes lunettes de soleil et ton sens de l&rsquo;humour, car tu vas en avoir besoin ! <span style=\"color: #ffffff;\">festivals\u00a0<\/span><\/span><\/p>\n<p>&nbsp;<\/p>\n","protected":false},"excerpt":{"rendered":"<p>Ang\u00e8le, SCH, Kungs, Chilla, Pomme, Christine and the Queens,&#8230; Pr\u00e9parez-vous \u00e0 un \u00e9t\u00e9 musical \u00e9pique avec les festivals les plus attendus de 2023 ! Les plus grands artistes du moment se rassembleront au Main Square, aux Eurock\u00e9ennes de Belfort, aux Francofolies de La Rochelle et bien d&rsquo;autres encore. Attendez-vous \u00e0 des performances spectaculaires et \u00e0 des moments inoubliables. Voici les festivals \u00e0 ne pas manquer cet \u00e9t\u00e9 !<\/p>\n","protected":false},"author":30,"featured_media":4321,"comment_status":"closed","ping_status":"open","sticky":false,"template":"","format":"standard","meta":[],"categories":[30],"tags":[],"yoast_head":"<!-- This site is optimized with the Yoast SEO plugin v20.12 - https:\/\/yoast.com\/wordpress\/plugins\/seo\/ -->\n<title>TOP 10 des festivals incontournable de l&#039;\u00e9t\u00e9 2023 - Unizic<\/title>\n<meta name=\"description\" content=\"Ang\u00e8le, SCH, Kungs, Chilla, Pomme, Christine and the Queens,... Pr\u00e9parez-vous \u00e0 un \u00e9t\u00e9 musical \u00e9pique avec les festivals les plus atten[...]\" \/>\n<meta name=\"robots\" content=\"index, follow, max-snippet:-1, max-image-preview:large, max-video-preview:-1\" \/>\n<link rel=\"canonical\" href=\"https:\/\/unizic.com\/fr\/top-10-des-festivals-incontournable-de-lete-2023\/\" \/>\n<meta property=\"og:locale\" content=\"fr_FR\" \/>\n<meta property=\"og:type\" content=\"article\" \/>\n<meta property=\"og:title\" content=\"TOP 10 des festivals incontournable de l&#039;\u00e9t\u00e9 2023 - Unizic\" \/>\n<meta property=\"og:description\" content=\"Ang\u00e8le, SCH, Kungs, Chilla, Pomme, Christine and the Queens,... Pr\u00e9parez-vous \u00e0 un \u00e9t\u00e9 musical \u00e9pique avec les festivals les plus atten[...]\" \/>\n<meta property=\"og:url\" content=\"https:\/\/unizic.com\/fr\/top-10-des-festivals-incontournable-de-lete-2023\/\" \/>\n<meta property=\"og:site_name\" content=\"Unizic\" \/>\n<meta property=\"article:publisher\" content=\"https:\/\/www.facebook.com\/unizic\" \/>\n<meta property=\"article:published_time\" content=\"2023-06-05T18:29:41+00:00\" \/>\n<meta property=\"og:image\" content=\"https:\/\/unizic.com\/wp-content\/uploads\/2023\/06\/000_16l1t3_5d08e064c4de0.jpg\" \/>\n\t<meta property=\"og:image:width\" content=\"3402\" \/>\n\t<meta property=\"og:image:height\" content=\"2268\" \/>\n\t<meta property=\"og:image:type\" content=\"image\/jpeg\" \/>\n<meta name=\"author\" content=\"Marie Carcanague\" \/>\n<meta name=\"twitter:card\" content=\"summary_large_image\" \/>\n<meta name=\"twitter:label1\" content=\"Written by\" \/>\n\t<meta name=\"twitter:data1\" content=\"Marie Carcanague\" \/>\n\t<meta name=\"twitter:label2\" content=\"Est. reading time\" \/>\n\t<meta name=\"twitter:data2\" content=\"5 minutes\" \/>\n<script type=\"application\/ld+json\" class=\"yoast-schema-graph\">{\"@context\":\"https:\/\/schema.org\",\"@graph\":[{\"@type\":\"WebPage\",\"@id\":\"https:\/\/unizic.com\/fr\/top-10-des-festivals-incontournable-de-lete-2023\/\",\"url\":\"https:\/\/unizic.com\/fr\/top-10-des-festivals-incontournable-de-lete-2023\/\",\"name\":\"TOP 10 des festivals incontournable de l'\u00e9t\u00e9 2023 - Unizic\",\"isPartOf\":{\"@id\":\"https:\/\/unizic.com\/fr\/#website\"},\"datePublished\":\"2023-06-05T18:29:41+00:00\",\"dateModified\":\"2023-06-05T18:29:41+00:00\",\"author\":{\"@id\":\"https:\/\/unizic.com\/fr\/#\/schema\/person\/0af0f8498730ebb98a23497ae6a31f6d\"},\"description\":\"Ang\u00e8le, SCH, Kungs, Chilla, Pomme, Christine and the Queens,... Pr\u00e9parez-vous \u00e0 un \u00e9t\u00e9 musical \u00e9pique avec les festivals les plus atten[...]\",\"breadcrumb\":{\"@id\":\"https:\/\/unizic.com\/fr\/top-10-des-festivals-incontournable-de-lete-2023\/#breadcrumb\"},\"inLanguage\":\"fr-FR\",\"potentialAction\":[{\"@type\":\"ReadAction\",\"target\":[\"https:\/\/unizic.com\/fr\/top-10-des-festivals-incontournable-de-lete-2023\/\"]}]},{\"@type\":\"BreadcrumbList\",\"@id\":\"https:\/\/unizic.com\/fr\/top-10-des-festivals-incontournable-de-lete-2023\/#breadcrumb\",\"itemListElement\":[{\"@type\":\"ListItem\",\"position\":1,\"name\":\"Home\",\"item\":\"https:\/\/unizic.com\/\"},{\"@type\":\"ListItem\",\"position\":2,\"name\":\"TOP 10 des festivals incontournable de l&rsquo;\u00e9t\u00e9 2023\"}]},{\"@type\":\"WebSite\",\"@id\":\"https:\/\/unizic.com\/fr\/#website\",\"url\":\"https:\/\/unizic.com\/fr\/\",\"name\":\"Unizic\",\"description\":\"La premi\u00e8re communaut\u00e9 de musiciens d\u00e9di\u00e9e \u00e0 l\u2019apprentissage de la musique !\",\"potentialAction\":[{\"@type\":\"SearchAction\",\"target\":{\"@type\":\"EntryPoint\",\"urlTemplate\":\"https:\/\/unizic.com\/fr\/?s={search_term_string}\"},\"query-input\":\"required name=search_term_string\"}],\"inLanguage\":\"fr-FR\"},{\"@type\":\"Person\",\"@id\":\"https:\/\/unizic.com\/fr\/#\/schema\/person\/0af0f8498730ebb98a23497ae6a31f6d\",\"name\":\"Marie Carcanague\",\"image\":{\"@type\":\"ImageObject\",\"inLanguage\":\"fr-FR\",\"@id\":\"https:\/\/unizic.com\/fr\/#\/schema\/person\/image\/\",\"url\":\"https:\/\/secure.gravatar.com\/avatar\/c81592d69ed1a538367ced59479d82cb?s=96&d=mm&r=g\",\"contentUrl\":\"https:\/\/secure.gravatar.com\/avatar\/c81592d69ed1a538367ced59479d82cb?s=96&d=mm&r=g\",\"caption\":\"Marie Carcanague\"},\"url\":\"https:\/\/unizic.com\/fr\/author\/marie\/\"}]}<\/script>\n<!-- \/ Yoast SEO plugin. -->","yoast_head_json":{"title":"TOP 10 des festivals incontournable de l'\u00e9t\u00e9 2023 - Unizic","description":"Ang\u00e8le, SCH, Kungs, Chilla, Pomme, Christine and the Queens,... Pr\u00e9parez-vous \u00e0 un \u00e9t\u00e9 musical \u00e9pique avec les festivals les plus atten[...]","robots":{"index":"index","follow":"follow","max-snippet":"max-snippet:-1","max-image-preview":"max-image-preview:large","max-video-preview":"max-video-preview:-1"},"canonical":"https:\/\/unizic.com\/fr\/top-10-des-festivals-incontournable-de-lete-2023\/","og_locale":"fr_FR","og_type":"article","og_title":"TOP 10 des festivals incontournable de l'\u00e9t\u00e9 2023 - Unizic","og_description":"Ang\u00e8le, SCH, Kungs, Chilla, Pomme, Christine and the Queens,... Pr\u00e9parez-vous \u00e0 un \u00e9t\u00e9 musical \u00e9pique avec les festivals les plus atten[...]","og_url":"https:\/\/unizic.com\/fr\/top-10-des-festivals-incontournable-de-lete-2023\/","og_site_name":"Unizic","article_publisher":"https:\/\/www.facebook.com\/unizic","article_published_time":"2023-06-05T18:29:41+00:00","og_image":[{"width":3402,"height":2268,"url":"https:\/\/unizic.com\/wp-content\/uploads\/2023\/06\/000_16l1t3_5d08e064c4de0.jpg","type":"image\/jpeg"}],"author":"Marie Carcanague","twitter_card":"summary_large_image","twitter_misc":{"Written by":"Marie Carcanague","Est. reading time":"5 minutes"},"schema":{"@context":"https:\/\/schema.org","@graph":[{"@type":"WebPage","@id":"https:\/\/unizic.com\/fr\/top-10-des-festivals-incontournable-de-lete-2023\/","url":"https:\/\/unizic.com\/fr\/top-10-des-festivals-incontournable-de-lete-2023\/","name":"TOP 10 des festivals incontournable de l'\u00e9t\u00e9 2023 - Unizic","isPartOf":{"@id":"https:\/\/unizic.com\/fr\/#website"},"datePublished":"2023-06-05T18:29:41+00:00","dateModified":"2023-06-05T18:29:41+00:00","author":{"@id":"https:\/\/unizic.com\/fr\/#\/schema\/person\/0af0f8498730ebb98a23497ae6a31f6d"},"description":"Ang\u00e8le, SCH, Kungs, Chilla, Pomme, Christine and the Queens,... Pr\u00e9parez-vous \u00e0 un \u00e9t\u00e9 musical \u00e9pique avec les festivals les plus atten[...]","breadcrumb":{"@id":"https:\/\/unizic.com\/fr\/top-10-des-festivals-incontournable-de-lete-2023\/#breadcrumb"},"inLanguage":"fr-FR","potentialAction":[{"@type":"ReadAction","target":["https:\/\/unizic.com\/fr\/top-10-des-festivals-incontournable-de-lete-2023\/"]}]},{"@type":"BreadcrumbList","@id":"https:\/\/unizic.com\/fr\/top-10-des-festivals-incontournable-de-lete-2023\/#breadcrumb","itemListElement":[{"@type":"ListItem","position":1,"name":"Home","item":"https:\/\/unizic.com\/"},{"@type":"ListItem","position":2,"name":"TOP 10 des festivals incontournable de l&rsquo;\u00e9t\u00e9 2023"}]},{"@type":"WebSite","@id":"https:\/\/unizic.com\/fr\/#website","url":"https:\/\/unizic.com\/fr\/","name":"Unizic","description":"La premi\u00e8re communaut\u00e9 de musiciens d\u00e9di\u00e9e \u00e0 l\u2019apprentissage de la musique !","potentialAction":[{"@type":"SearchAction","target":{"@type":"EntryPoint","urlTemplate":"https:\/\/unizic.com\/fr\/?s={search_term_string}"},"query-input":"required name=search_term_string"}],"inLanguage":"fr-FR"},{"@type":"Person","@id":"https:\/\/unizic.com\/fr\/#\/schema\/person\/0af0f8498730ebb98a23497ae6a31f6d","name":"Marie Carcanague","image":{"@type":"ImageObject","inLanguage":"fr-FR","@id":"https:\/\/unizic.com\/fr\/#\/schema\/person\/image\/","url":"https:\/\/secure.gravatar.com\/avatar\/c81592d69ed1a538367ced59479d82cb?s=96&d=mm&r=g","contentUrl":"https:\/\/secure.gravatar.com\/avatar\/c81592d69ed1a538367ced59479d82cb?s=96&d=mm&r=g","caption":"Marie Carcanague"},"url":"https:\/\/unizic.com\/fr\/author\/marie\/"}]}},"_links":{"self":[{"href":"https:\/\/unizic.com\/fr\/wp-json\/wp\/v2\/posts\/4353"}],"collection":[{"href":"https:\/\/unizic.com\/fr\/wp-json\/wp\/v2\/posts"}],"about":[{"href":"https:\/\/unizic.com\/fr\/wp-json\/wp\/v2\/types\/post"}],"author":[{"embeddable":true,"href":"https:\/\/unizic.com\/fr\/wp-json\/wp\/v2\/users\/30"}],"replies":[{"embeddable":true,"href":"https:\/\/unizic.com\/fr\/wp-json\/wp\/v2\/comments?post=4353"}],"version-history":[{"count":0,"href":"https:\/\/unizic.com\/fr\/wp-json\/wp\/v2\/posts\/4353\/revisions"}],"wp:featuredmedia":[{"embeddable":true,"href":"https:\/\/unizic.com\/fr\/wp-json\/wp\/v2\/media\/4321"}],"wp:attachment":[{"href":"https:\/\/unizic.com\/fr\/wp-json\/wp\/v2\/media?parent=4353"}],"wp:term":[{"taxonomy":"category","embeddable":true,"href":"https:\/\/unizic.com\/fr\/wp-json\/wp\/v2\/categories?post=4353"},{"taxonomy":"post_tag","embeddable":true,"href":"https:\/\/unizic.com\/fr\/wp-json\/wp\/v2\/tags?post=4353"}],"curies":[{"name":"wp","href":"https:\/\/api.w.org\/{rel}","templated":true}]}}